{"id":2386,"date":"2023-04-07T07:33:50","date_gmt":"2023-04-07T05:33:50","guid":{"rendered":"https:\/\/portail.stpaul4.ac-reunion.fr\/wordpress\/erasmus\/?p=2386"},"modified":"2026-01-07T06:50:18","modified_gmt":"2026-01-07T05:50:18","slug":"erasmus-day-2022","status":"publish","type":"post","link":"https:\/\/portail.stpaul4.ac-reunion.fr\/wordpress\/erasmus\/2023\/04\/07\/erasmus-day-2022\/","title":{"rendered":"Erasmus day 2022"},"content":{"rendered":"\n<p>Comme chaque ann\u00e9e, un Erasmus Day a \u00e9t\u00e9 organis\u00e9 au lyc\u00e9e Saint Paul 4 le jeudi 17 novembre. Cette journ\u00e9e d\u00e9di\u00e9e \u00e0 l\u2019Union europ\u00e9enne (UE) et au programme Erasmus est devenu un temps fort de l\u2019ann\u00e9e scolaire, inscrit dans le calendrier de&nbsp; l\u2019\u00e9tablissement depuis 2019.<\/p>\n\n\n<div class=\"wp-block-image\">\n<figure class=\"aligncenter size-large is-resized\"><img decoding=\"async\" loading=\"lazy\" src=\"https:\/\/portail.stpaul4.ac-reunion.fr\/wordpress\/erasmus\/files\/2023\/04\/Image-Erasmus-Day-1-1.png\" alt=\"\" class=\"wp-image-2404\" width=\"408\" height=\"283\" \/><figcaption class=\"wp-element-caption\">Petit d\u00e9jeuner anglais et allemand \u00e0 la cantine<\/figcaption><\/figure><\/div>\n\n\n<p>Comme d\u2019habitude, la journ\u00e9e a commenc\u00e9 par des petits-d\u00e9jeuners, anglais et allemands cette ann\u00e9e. Des \u00e9l\u00e8ves ont accueilli, en anglais ou en allemand, les classes inscrites, en faisant une pr\u00e9sentation d\u2019Erasmus puis des sp\u00e9cialit\u00e9s culinaires matinales. Ensuite, pendant toute la matin\u00e9e, une dizaine &nbsp;d\u2019ateliers ont \u00e9t\u00e9 propos\u00e9s&nbsp;: un escape game en Allemand, ateliers sur la contraception en espagnol g\u00e9r\u00e9s par des \u00e9l\u00e8ves de 1<sup>\u00e8re<\/sup> ST2S (sanitaire et social).<\/p>\n\n\n<div class=\"wp-block-image\">\n<figure class=\"aligncenter size-large\"><img decoding=\"async\" loading=\"lazy\" width=\"500\" height=\"373\" src=\"https:\/\/portail.stpaul4.ac-reunion.fr\/wordpress\/erasmus\/files\/2023\/04\/Image-Erasmus-Day-2-2.png\" alt=\"\" class=\"wp-image-2418\" srcset=\"https:\/\/portail.stpaul4.ac-reunion.fr\/wordpress\/erasmus\/files\/2023\/04\/Image-Erasmus-Day-2-2.png 500w, https:\/\/portail.stpaul4.ac-reunion.fr\/wordpress\/erasmus\/files\/2023\/04\/Image-Erasmus-Day-2-2-300x224.png 300w\" sizes=\"(max-width: 500px) 100vw, 500px\" \/><\/figure><\/div>\n\n\n<p>Des jeux en anglais r\u00e9alis\u00e9s par des professeurs partis en mobilit\u00e9 Erasmus (voir article Erasmus 2020 \u2013 2027), une pr\u00e9sentation en anglais par des \u00e9l\u00e8ves de leur exposition r\u00e9alis\u00e9e sur leur mobilit\u00e9 en Slov\u00e9nie (voir article)\u2026<\/p>\n\n\n<div class=\"wp-block-image\">\n<figure class=\"aligncenter size-large is-resized\"><img decoding=\"async\" loading=\"lazy\" src=\"https:\/\/portail.stpaul4.ac-reunion.fr\/wordpress\/erasmus\/files\/2023\/04\/Image-Erasmus-Day-5-1.png\" alt=\"\" class=\"wp-image-2408\" width=\"299\" height=\"329\" \/><\/figure><\/div>\n\n<div class=\"wp-block-image\">\n<figure class=\"aligncenter size-large is-resized\"><img decoding=\"async\" loading=\"lazy\" src=\"https:\/\/portail.stpaul4.ac-reunion.fr\/wordpress\/erasmus\/files\/2023\/04\/Image-Erasmus-Day-9-2.png\" alt=\"\" class=\"wp-image-2409\" width=\"402\" height=\"265\" srcset=\"https:\/\/portail.stpaul4.ac-reunion.fr\/wordpress\/erasmus\/files\/2023\/04\/Image-Erasmus-Day-9-2.png 378w, https:\/\/portail.stpaul4.ac-reunion.fr\/wordpress\/erasmus\/files\/2023\/04\/Image-Erasmus-Day-9-2-300x198.png 300w\" sizes=\"(max-width: 402px) 100vw, 402px\" \/><\/figure><\/div>\n\n<div class=\"wp-block-image\">\n<figure class=\"aligncenter size-large is-resized\"><img decoding=\"async\" loading=\"lazy\" src=\"https:\/\/portail.stpaul4.ac-reunion.fr\/wordpress\/erasmus\/files\/2023\/04\/Image-Erasmus-Day-6-3.png\" alt=\"\" class=\"wp-image-2413\" width=\"393\" height=\"291\" \/><\/figure><\/div>\n\n\n<p>Les \u00e9l\u00e8ves de la section professionnelle du lyc\u00e9e ont \u00e9galement \u00e9t\u00e9 mobilis\u00e9s avec un atelier de secourisme en anglais. Enfin, des stagiaires en Master ont accueillis des \u00e9l\u00e8ves pour des activit\u00e9s liant musique et anglais.<\/p>\n\n\n<div class=\"wp-block-image\">\n<figure class=\"aligncenter size-large\"><img decoding=\"async\" loading=\"lazy\" width=\"244\" height=\"183\" src=\"https:\/\/portail.stpaul4.ac-reunion.fr\/wordpress\/erasmus\/files\/2023\/04\/Image-Erasmus-Day-7-1.png\" alt=\"\" class=\"wp-image-2410\" \/><\/figure><\/div>\n\n<div class=\"wp-block-image\">\n<figure class=\"aligncenter size-large is-resized\"><img decoding=\"async\" loading=\"lazy\" src=\"https:\/\/portail.stpaul4.ac-reunion.fr\/wordpress\/erasmus\/files\/2023\/04\/Image-Erasmus-Day-8-1.png\" alt=\"\" class=\"wp-image-2411\" width=\"240\" height=\"246\" \/><\/figure><\/div>\n\n\n<p>A la r\u00e9cr\u00e9ation, l\u2019hymne \u00e0 la joie de Beethoven, choisi pour \u00eatre l\u2019hymne de l\u2019UE a \u00e9t\u00e9 chant\u00e9 par les \u00e9l\u00e8ves des classes europ\u00e9ennes anglais de 1<sup>\u00e8re<\/sup>&nbsp; et Terminale. Et les sonneries ont \u00e9t\u00e9 remplac\u00e9es par des hymnes des Etats-membres.<\/p>\n\n\n\n<p>Enfin, l\u2019Erasmus Day est \u00e9galement un temps de communication sur les projets Erasmus du lyc\u00e9e. Une pr\u00e9sentation dans l\u2019amphith\u00e9\u00e2tre a \u00e9t\u00e9 faite aux \u00e9tudiants des 4 BTS du programme Erasmus pots-bac&nbsp;: gr\u00e2ce \u00e0 l\u2019ECHE obtenue en 2021, leur stage dans un pays membre de l\u2019UE peut \u00eatre pour partie financ\u00e9. Cette ann\u00e9e scolaire 5 \u00e9tudiants vont partir en Belgique pour deux mois (f\u00e9vrier et mars 2022) gr\u00e2ce \u00e0 ce dispositif. Une exposition au CDI a \u00e9t\u00e9 r\u00e9alis\u00e9e par les \u00e9l\u00e8ves de Terminale option Euro avec des affiches en Anglais au sujet de leur mobilit\u00e9 en Slov\u00e9nie. Enfin, en soir\u00e9e, une r\u00e9union d\u2019information a \u00e9t\u00e9 propos\u00e9e \u00e0 l\u2019ensemble du personnel du lyc\u00e9e ainsi qu\u2019aux ERAEI (Enseignant r\u00e9f\u00e9rent \u00e0 l\u2019action europ\u00e9enne et internationale) des \u00e9tablissements voisins. Ont \u00e9t\u00e9 pr\u00e9sent\u00e9s l\u2019ECHE (2021), l\u2019accr\u00e9ditation Erasmus pour le lyc\u00e9e g\u00e9n\u00e9ral et technologique (2022) ainsi que la candidature pour une accr\u00e9ditation pour le lyc\u00e9e professionnel (r\u00e9ponse attendue pour 2023). Les mobilit\u00e9s pour l\u2019ann\u00e9e scolaire 2022 \u2013 2023 ont \u00e9t\u00e9 pr\u00e9sent\u00e9s&nbsp;: 5 stagiaires de BTS, 6 enseignants pour des mobilit\u00e9s de formation linguistique ou p\u00e9dagogique, deux groupes scolaires avec des mobilit\u00e9s en Slov\u00e9nie et en Espagne.<\/p>\n\n\n\n<p>Apr\u00e8s la crise Covid, la pr\u00e9sentation de tous ces projets, de toutes ces mobilit\u00e9s a redonn\u00e9 un r\u00e9el \u00e9lan dans l\u2019\u00e9tablissement. Bien d\u2019autres projets sont \u00e0 venir\u2026&nbsp;&nbsp;<\/p>\n\n\n<div class=\"wp-block-image\">\n<figure class=\"aligncenter size-large is-resized\"><img decoding=\"async\" loading=\"lazy\" src=\"https:\/\/portail.stpaul4.ac-reunion.fr\/wordpress\/erasmus\/files\/2023\/04\/Drapeau-europ\u00e9en.jpg\" alt=\"\" class=\"wp-image-2415\" width=\"327\" height=\"327\" srcset=\"https:\/\/portail.stpaul4.ac-reunion.fr\/wordpress\/erasmus\/files\/2023\/04\/Drapeau-europ\u00e9en.jpg 400w, https:\/\/portail.stpaul4.ac-reunion.fr\/wordpress\/erasmus\/files\/2023\/04\/Drapeau-europ\u00e9en-300x300.jpg 300w, https:\/\/portail.stpaul4.ac-reunion.fr\/wordpress\/erasmus\/files\/2023\/04\/Drapeau-europ\u00e9en-150x150.jpg 150w\" sizes=\"(max-width: 327px) 100vw, 327px\" \/><\/figure><\/div>\n\n\n<p><\/p>\n","protected":false},"excerpt":{"rendered":"<p>Comme chaque ann\u00e9e, un Erasmus Day a \u00e9t\u00e9 organis\u00e9 au lyc\u00e9e Saint Paul 4 le jeudi 17 novembre. Cette journ\u00e9e d\u00e9di\u00e9e \u00e0 l\u2019Union europ\u00e9enne (UE) et au programme Erasmus est devenu un temps fort de l\u2019ann\u00e9e scolaire, inscrit dans le calendrier de&nbsp; l\u2019\u00e9tablissement depuis 2019. Comme d\u2019habitude, la journ\u00e9e a commenc\u00e9 par des petits-d\u00e9jeuners, anglais &hellip; <a href=\"https:\/\/portail.stpaul4.ac-reunion.fr\/wordpress\/erasmus\/2023\/04\/07\/erasmus-day-2022\/\" class=\"more-link\">Continuer la lecture de <span class=\"screen-reader-text\">Erasmus day 2022<\/span>  <span class=\"meta-nav\">&rarr;<\/span><\/a><\/p>\n","protected":false},"author":1216,"featured_media":2407,"comment_status":"open","ping_status":"open","sticky":false,"template":"","format":"standard","meta":{"_links_to":"","_links_to_target":""},"categories":[11],"tags":[55],"_links":{"self":[{"href":"https:\/\/portail.stpaul4.ac-reunion.fr\/wordpress\/erasmus\/wp-json\/wp\/v2\/posts\/2386"}],"collection":[{"href":"https:\/\/portail.stpaul4.ac-reunion.fr\/wordpress\/erasmus\/wp-json\/wp\/v2\/posts"}],"about":[{"href":"https:\/\/portail.stpaul4.ac-reunion.fr\/wordpress\/erasmus\/wp-json\/wp\/v2\/types\/post"}],"author":[{"embeddable":true,"href":"https:\/\/portail.stpaul4.ac-reunion.fr\/wordpress\/erasmus\/wp-json\/wp\/v2\/users\/1216"}],"replies":[{"embeddable":true,"href":"https:\/\/portail.stpaul4.ac-reunion.fr\/wordpress\/erasmus\/wp-json\/wp\/v2\/comments?post=2386"}],"version-history":[{"count":9,"href":"https:\/\/portail.stpaul4.ac-reunion.fr\/wordpress\/erasmus\/wp-json\/wp\/v2\/posts\/2386\/revisions"}],"predecessor-version":[{"id":5228,"href":"https:\/\/portail.stpaul4.ac-reunion.fr\/wordpress\/erasmus\/wp-json\/wp\/v2\/posts\/2386\/revisions\/5228"}],"wp:featuredmedia":[{"embeddable":true,"href":"https:\/\/portail.stpaul4.ac-reunion.fr\/wordpress\/erasmus\/wp-json\/wp\/v2\/media\/2407"}],"wp:attachment":[{"href":"https:\/\/portail.stpaul4.ac-reunion.fr\/wordpress\/erasmus\/wp-json\/wp\/v2\/media?parent=2386"}],"wp:term":[{"taxonomy":"category","embeddable":true,"href":"https:\/\/portail.stpaul4.ac-reunion.fr\/wordpress\/erasmus\/wp-json\/wp\/v2\/categories?post=2386"},{"taxonomy":"post_tag","embeddable":true,"href":"https:\/\/portail.stpaul4.ac-reunion.fr\/wordpress\/erasmus\/wp-json\/wp\/v2\/tags?post=2386"}],"curies":[{"name":"wp","href":"https:\/\/api.w.org\/{rel}","templated":true}]}}