{"id":2421,"date":"2023-04-10T16:13:27","date_gmt":"2023-04-10T14:13:27","guid":{"rendered":"https:\/\/portail.stpaul4.ac-reunion.fr\/wordpress\/erasmus\/?p=2421"},"modified":"2024-02-02T04:13:25","modified_gmt":"2024-02-02T03:13:25","slug":"charte-erasmus-2nd-degre-2021-2027","status":"publish","type":"post","link":"https:\/\/portail.stpaul4.ac-reunion.fr\/wordpress\/erasmus\/2023\/04\/10\/charte-erasmus-2nd-degre-2021-2027\/","title":{"rendered":"ACCREDITATION erasmus 2ND DEGRE 2021-2027"},"content":{"rendered":"\n<figure class=\"wp-block-image size-large is-resized\"><img decoding=\"async\" loading=\"lazy\" src=\"https:\/\/portail.stpaul4.ac-reunion.fr\/wordpress\/erasmus\/files\/2023\/04\/Charte-Erasmus.png\" alt=\"\" class=\"wp-image-2422\" width=\"515\" height=\"368\" srcset=\"https:\/\/portail.stpaul4.ac-reunion.fr\/wordpress\/erasmus\/files\/2023\/04\/Charte-Erasmus.png 374w, https:\/\/portail.stpaul4.ac-reunion.fr\/wordpress\/erasmus\/files\/2023\/04\/Charte-Erasmus-300x214.png 300w\" sizes=\"(max-width: 515px) 100vw, 515px\" \/><\/figure>\n\n\n\n<p>Le lyc\u00e9e Saint Paul 4 a obtenu en mars 2022 l\u2019accr\u00e9ditation pour le programme Erasmus KA 120-SCH qui permet de financer des mobilit\u00e9s individuelles ou de groupes pour les lyc\u00e9es g\u00e9n\u00e9raux et technologiques, et ce jusqu\u2019en 2027. Chaque ann\u00e9e, au mois de f\u00e9vrier, les demandes de mobilit\u00e9s sont faites en fonction des projets men\u00e9s dans l\u2019\u00e9tablissement et en lien avec les objectifs et les standards de qualit\u00e9s pr\u00e9sents dans la charte Erasmus r\u00e9dig\u00e9e par le CoPil en octobre 2021. Le CoPil (Comit\u00e9 de pilotage) est compos\u00e9 de Mme Bravo, ERAEI (Enseignant r\u00e9f\u00e9rent \u00e0 l\u2019action europ\u00e9enne et internationale), Mmes Raimbaud et Debien, professeurs d\u2019Espagnol, M. Ortol\u00e9, professeur de Math\u00e9matiques et M. Lallemand, professeur de SVT, en association avec la gestionnaire, Mme Hautenauve et le proviseur. Un bilan annuel de ces mobilit\u00e9s est r\u00e9alis\u00e9 et permet d\u2019obtenir les 20 % du budget donn\u00e9 qu\u2019apr\u00e8s validation.<\/p>\n\n\n\n<p>Pour l\u2019ann\u00e9e scolaire 2022 -2023, les demandes ont \u00e9t\u00e9 nombreuses. Deux professeurs sont d\u2019ores et d\u00e9j\u00e0 partis pour une formation linguistique en anglais de 3 semaines \u00e0 Malte pour l\u2019un, une formation p\u00e9dagogique d\u2019une semaine \u00e0 Florence pour l\u2019autre. Suivront 4 autres formations linguistiques&nbsp;: trois en espagnol \u00e0 Madrid et une autre \u00e0 Malte. Les formations en anglais et espagnol r\u00e9pondent directement \u00e0 un objectif d\u00e9fini dans la charte&nbsp;Erasmus : former une \u00e9quipe d\u2019enseignants avec un niveau solide en langue permettant obtenir l\u2019accr\u00e9ditation DNL pour enseigner en anglais ou en espagnol dans une Discipline Non-Linguistique. Les mobilit\u00e9s concernent \u00e9galement les \u00e9l\u00e8ves avec deux projets de classe. Le premier a concern\u00e9 des \u00e9l\u00e8ves de Terminale option Euro anglais qui sont partis en Slov\u00e9nie en octobre 2022 (voir article), le deuxi\u00e8me des \u00e9l\u00e8ves de seconde et premi\u00e8re option Euro espagnol qui partiront en Andalousie en mai 2023. Apr\u00e8s avoir trouv\u00e9 des lyc\u00e9es partenaires, une premi\u00e8re \u00e9tape relativement difficile, des travaux ont \u00e9t\u00e9 d\u00e9finis par les enseignants afin d\u2019optimiser au mieux la mobilit\u00e9 et les \u00e9changes entre \u00e9l\u00e8ves.<\/p>\n","protected":false},"excerpt":{"rendered":"<p>Le lyc\u00e9e Saint Paul 4 a obtenu en mars 2022 l\u2019accr\u00e9ditation pour le programme Erasmus KA 120-SCH qui permet de financer des mobilit\u00e9s individuelles ou de groupes pour les lyc\u00e9es g\u00e9n\u00e9raux et technologiques, et ce jusqu\u2019en 2027. Chaque ann\u00e9e, au mois de f\u00e9vrier, les demandes de mobilit\u00e9s sont faites en fonction des projets men\u00e9s dans &hellip; <a href=\"https:\/\/portail.stpaul4.ac-reunion.fr\/wordpress\/erasmus\/2023\/04\/10\/charte-erasmus-2nd-degre-2021-2027\/\" class=\"more-link\">Continuer la lecture de <span class=\"screen-reader-text\">ACCREDITATION erasmus 2ND DEGRE 2021-2027<\/span>  <span class=\"meta-nav\">&rarr;<\/span><\/a><\/p>\n","protected":false},"author":1216,"featured_media":0,"comment_status":"open","ping_status":"open","sticky":false,"template":"","format":"standard","meta":{"_links_to":"","_links_to_target":""},"categories":[62],"tags":[22],"_links":{"self":[{"href":"https:\/\/portail.stpaul4.ac-reunion.fr\/wordpress\/erasmus\/wp-json\/wp\/v2\/posts\/2421"}],"collection":[{"href":"https:\/\/portail.stpaul4.ac-reunion.fr\/wordpress\/erasmus\/wp-json\/wp\/v2\/posts"}],"about":[{"href":"https:\/\/portail.stpaul4.ac-reunion.fr\/wordpress\/erasmus\/wp-json\/wp\/v2\/types\/post"}],"author":[{"embeddable":true,"href":"https:\/\/portail.stpaul4.ac-reunion.fr\/wordpress\/erasmus\/wp-json\/wp\/v2\/users\/1216"}],"replies":[{"embeddable":true,"href":"https:\/\/portail.stpaul4.ac-reunion.fr\/wordpress\/erasmus\/wp-json\/wp\/v2\/comments?post=2421"}],"version-history":[{"count":4,"href":"https:\/\/portail.stpaul4.ac-reunion.fr\/wordpress\/erasmus\/wp-json\/wp\/v2\/posts\/2421\/revisions"}],"predecessor-version":[{"id":2559,"href":"https:\/\/portail.stpaul4.ac-reunion.fr\/wordpress\/erasmus\/wp-json\/wp\/v2\/posts\/2421\/revisions\/2559"}],"wp:attachment":[{"href":"https:\/\/portail.stpaul4.ac-reunion.fr\/wordpress\/erasmus\/wp-json\/wp\/v2\/media?parent=2421"}],"wp:term":[{"taxonomy":"category","embeddable":true,"href":"https:\/\/portail.stpaul4.ac-reunion.fr\/wordpress\/erasmus\/wp-json\/wp\/v2\/categories?post=2421"},{"taxonomy":"post_tag","embeddable":true,"href":"https:\/\/portail.stpaul4.ac-reunion.fr\/wordpress\/erasmus\/wp-json\/wp\/v2\/tags?post=2421"}],"curies":[{"name":"wp","href":"https:\/\/api.w.org\/{rel}","templated":true}]}}