{"id":2647,"date":"2024-10-24T11:50:41","date_gmt":"2024-10-24T09:50:41","guid":{"rendered":"https:\/\/portail.stpaul4.ac-reunion.fr\/wordpress\/erasmus\/?p=2647"},"modified":"2024-10-24T11:50:44","modified_gmt":"2024-10-24T09:50:44","slug":"mobilite-pour-formation-en-espagnol-a-grenade-juillet-2024","status":"publish","type":"post","link":"https:\/\/portail.stpaul4.ac-reunion.fr\/wordpress\/erasmus\/2024\/10\/24\/mobilite-pour-formation-en-espagnol-a-grenade-juillet-2024\/","title":{"rendered":"Mobilit\u00e9 pour formation en espagnol \u00e0 Grenade. Juillet 2024."},"content":{"rendered":"\n<p>Enseignant l&rsquo;espagnol en BTS, j\u2019ai eu l\u2019opportunit\u00e9 de pouvoir b\u00e9n\u00e9ficier d\u2019une mobilit\u00e9 individuelle \u00e0 Grenade dans le cadre de l\u2019ECHE.<\/p>\n\n\n\n<p>J\u2019ai suivi pendant deux semaines, \u00e0 l\u2019\u00e9cole de langue Montalb\u00e1n, un stage de perfectionnement et de recyclage pour professeurs non natifs d\u2019espagnol comme langue \u00e9trang\u00e8re niveau C2. J\u2019ai \u00e9galement pu me rendre dans diff\u00e9rentes entreprises pour rechercher de nouveaux lieux de stage pour mes \u00e9tudiants de BTS.<\/p>\n\n\n\n<p>Ce fut une exp\u00e9rience merveilleuse ! J\u2019ai ador\u00e9 retrouver la position d&rsquo;apprenant, tout comme les \u00e9changes entre pairs. Avoir un excellent retour sur son niveau linguistique et culturel par des enseignants espagnols est gratifiant et donne aussi de l\u2019\u00e9lan.<\/p>\n\n\n\n<p>Quel d\u00e9lice d&rsquo;avoir pu me balader dans les ruelles de Grenade, lors de parcours culturels sur le Street Art, les syst\u00e8mes d\u2019irrigation de la p\u00e9riode Al Andalus, les gitans, Lorca et de connaitre ainsi encore un peu mieux l&rsquo;\u00e2me de ce bijou andalou. D\u00e9couvrir au-del\u00e0 des livres. Parcourir, vivre, vibrer l\u2019Espagne pour en faire une caisse de r\u00e9sonnance encore plus forte \u00e0 La R\u00e9union, dans mon lyc\u00e9e, pour mes \u00e9l\u00e8ves. Leur apporter peu \u00e0 peu les fruits des graines ramass\u00e9es lors de mon s\u00e9jour andalou.<\/p>\n\n\n\n<figure class=\"wp-block-image size-large is-style-default\"><img decoding=\"async\" loading=\"lazy\" width=\"1024\" height=\"768\" src=\"https:\/\/portail.stpaul4.ac-reunion.fr\/wordpress\/erasmus\/files\/2024\/10\/20240704_130331-1024x768.jpg\" alt=\"\" class=\"wp-image-2648\" srcset=\"https:\/\/portail.stpaul4.ac-reunion.fr\/wordpress\/erasmus\/files\/2024\/10\/20240704_130331-1024x768.jpg 1024w, https:\/\/portail.stpaul4.ac-reunion.fr\/wordpress\/erasmus\/files\/2024\/10\/20240704_130331-300x225.jpg 300w, https:\/\/portail.stpaul4.ac-reunion.fr\/wordpress\/erasmus\/files\/2024\/10\/20240704_130331-768x576.jpg 768w, https:\/\/portail.stpaul4.ac-reunion.fr\/wordpress\/erasmus\/files\/2024\/10\/20240704_130331-1536x1152.jpg 1536w, https:\/\/portail.stpaul4.ac-reunion.fr\/wordpress\/erasmus\/files\/2024\/10\/20240704_130331-2048x1536.jpg 2048w\" sizes=\"(max-width: 1024px) 100vw, 1024px\" \/><\/figure>\n","protected":false},"excerpt":{"rendered":"<p>Enseignant l&rsquo;espagnol en BTS, j\u2019ai eu l\u2019opportunit\u00e9 de pouvoir b\u00e9n\u00e9ficier d\u2019une mobilit\u00e9 individuelle \u00e0 Grenade dans le cadre de l\u2019ECHE. J\u2019ai suivi pendant deux semaines, \u00e0 l\u2019\u00e9cole de langue Montalb\u00e1n, un stage de perfectionnement et de recyclage pour professeurs non natifs d\u2019espagnol comme langue \u00e9trang\u00e8re niveau C2. J\u2019ai \u00e9galement pu me rendre dans diff\u00e9rentes entreprises &hellip; <a href=\"https:\/\/portail.stpaul4.ac-reunion.fr\/wordpress\/erasmus\/2024\/10\/24\/mobilite-pour-formation-en-espagnol-a-grenade-juillet-2024\/\" class=\"more-link\">Continuer la lecture de <span class=\"screen-reader-text\">Mobilit\u00e9 pour formation en espagnol \u00e0 Grenade. Juillet 2024.<\/span>  <span class=\"meta-nav\">&rarr;<\/span><\/a><\/p>\n","protected":false},"author":42,"featured_media":2648,"comment_status":"open","ping_status":"open","sticky":false,"template":"","format":"standard","meta":{"_links_to":"","_links_to_target":""},"categories":[71],"tags":[],"_links":{"self":[{"href":"https:\/\/portail.stpaul4.ac-reunion.fr\/wordpress\/erasmus\/wp-json\/wp\/v2\/posts\/2647"}],"collection":[{"href":"https:\/\/portail.stpaul4.ac-reunion.fr\/wordpress\/erasmus\/wp-json\/wp\/v2\/posts"}],"about":[{"href":"https:\/\/portail.stpaul4.ac-reunion.fr\/wordpress\/erasmus\/wp-json\/wp\/v2\/types\/post"}],"author":[{"embeddable":true,"href":"https:\/\/portail.stpaul4.ac-reunion.fr\/wordpress\/erasmus\/wp-json\/wp\/v2\/users\/42"}],"replies":[{"embeddable":true,"href":"https:\/\/portail.stpaul4.ac-reunion.fr\/wordpress\/erasmus\/wp-json\/wp\/v2\/comments?post=2647"}],"version-history":[{"count":1,"href":"https:\/\/portail.stpaul4.ac-reunion.fr\/wordpress\/erasmus\/wp-json\/wp\/v2\/posts\/2647\/revisions"}],"predecessor-version":[{"id":2649,"href":"https:\/\/portail.stpaul4.ac-reunion.fr\/wordpress\/erasmus\/wp-json\/wp\/v2\/posts\/2647\/revisions\/2649"}],"wp:featuredmedia":[{"embeddable":true,"href":"https:\/\/portail.stpaul4.ac-reunion.fr\/wordpress\/erasmus\/wp-json\/wp\/v2\/media\/2648"}],"wp:attachment":[{"href":"https:\/\/portail.stpaul4.ac-reunion.fr\/wordpress\/erasmus\/wp-json\/wp\/v2\/media?parent=2647"}],"wp:term":[{"taxonomy":"category","embeddable":true,"href":"https:\/\/portail.stpaul4.ac-reunion.fr\/wordpress\/erasmus\/wp-json\/wp\/v2\/categories?post=2647"},{"taxonomy":"post_tag","embeddable":true,"href":"https:\/\/portail.stpaul4.ac-reunion.fr\/wordpress\/erasmus\/wp-json\/wp\/v2\/tags?post=2647"}],"curies":[{"name":"wp","href":"https:\/\/api.w.org\/{rel}","templated":true}]}}