{"id":2667,"date":"2025-06-16T10:03:17","date_gmt":"2025-06-16T08:03:17","guid":{"rendered":"https:\/\/portail.stpaul4.ac-reunion.fr\/wordpress\/erasmus\/?p=2667"},"modified":"2026-01-07T08:05:54","modified_gmt":"2026-01-07T07:05:54","slug":"jobshadowing-a-madrid-par-celia-lopez-herrera","status":"publish","type":"post","link":"https:\/\/portail.stpaul4.ac-reunion.fr\/wordpress\/erasmus\/2025\/06\/16\/jobshadowing-a-madrid-par-celia-lopez-herrera\/","title":{"rendered":"JOBSHADOWING A MADRID par Celia Lopez &#8211; Herrera"},"content":{"rendered":"\n<p><\/p>\n\n\n\n<p><\/p>\n\n\n<div class=\"wp-block-image\">\n<figure class=\"aligncenter size-large is-resized\"><img decoding=\"async\" loading=\"lazy\" src=\"https:\/\/portail.stpaul4.ac-reunion.fr\/wordpress\/erasmus\/files\/2025\/06\/IMG-20250611-WA0024-766x1024.jpg\" alt=\"\" class=\"wp-image-2668\" width=\"415\" height=\"555\" srcset=\"https:\/\/portail.stpaul4.ac-reunion.fr\/wordpress\/erasmus\/files\/2025\/06\/IMG-20250611-WA0024-766x1024.jpg 766w, https:\/\/portail.stpaul4.ac-reunion.fr\/wordpress\/erasmus\/files\/2025\/06\/IMG-20250611-WA0024-224x300.jpg 224w, https:\/\/portail.stpaul4.ac-reunion.fr\/wordpress\/erasmus\/files\/2025\/06\/IMG-20250611-WA0024-768x1027.jpg 768w, https:\/\/portail.stpaul4.ac-reunion.fr\/wordpress\/erasmus\/files\/2025\/06\/IMG-20250611-WA0024-1149x1536.jpg 1149w, https:\/\/portail.stpaul4.ac-reunion.fr\/wordpress\/erasmus\/files\/2025\/06\/IMG-20250611-WA0024.jpg 1532w\" sizes=\"(max-width: 415px) 100vw, 415px\" \/><\/figure><\/div>\n\n\n<p>Quand nous sommes \u00e9l\u00e8ves, nous ne nous rendons absolument pas compte de ce qui se cache derri\u00e8re les heures des cours o\u00f9 nous sommes avec nos professeurs.<\/p>\n<p>C\u2019est un peu comme quand nous allons au th\u00e9\u00e2tre, voir un spectacle qui dure une heure, et que nous n\u2019arrivons pas \u00e0 imaginer, mais alors, absolument pas une seconde, la quantit\u00e9 de travail, d\u2019effort, de passion et d\u2019investissement, qu\u2019il y a derri\u00e8re \u2026 et tout \u00e7a pour une heure de spectacle&nbsp;!?<\/p>\n\n\n\n\n\n<figure class=\"wp-block-image size-large\"><img decoding=\"async\" loading=\"lazy\" width=\"1024\" height=\"461\" src=\"https:\/\/portail.stpaul4.ac-reunion.fr\/wordpress\/erasmus\/files\/2025\/06\/IMG-20250506-WA0000-1024x461.jpg\" alt=\"\" class=\"wp-image-2671\" srcset=\"https:\/\/portail.stpaul4.ac-reunion.fr\/wordpress\/erasmus\/files\/2025\/06\/IMG-20250506-WA0000-1024x461.jpg 1024w, https:\/\/portail.stpaul4.ac-reunion.fr\/wordpress\/erasmus\/files\/2025\/06\/IMG-20250506-WA0000-300x135.jpg 300w, https:\/\/portail.stpaul4.ac-reunion.fr\/wordpress\/erasmus\/files\/2025\/06\/IMG-20250506-WA0000-768x346.jpg 768w, https:\/\/portail.stpaul4.ac-reunion.fr\/wordpress\/erasmus\/files\/2025\/06\/IMG-20250506-WA0000.jpg 1280w\" sizes=\"(max-width: 1024px) 100vw, 1024px\" \/><\/figure>\n\n\n\n<p>Quelle belle d\u00e9couverte d\u2019\u00eatre en coulisses !! Quel magnifique cadeau d\u2019\u00e9changer avec les acteurices de ces \u00ab moments th\u00e9\u00e2traux \u00bb qu\u2019on appelle \u00ab les cours \u00bb. Quel bonheur d\u2019\u00e9changer avec celleux qui font avec leur travail quotidien, fonctionner un \u00e9tablissement.<\/p>\n<p>N\u00e9e en Espagne et ayant fait toute mon scolarit\u00e9 l\u00e0-bas, la vie a fait que je me suis retrouv\u00e9e enseignante en France. Le programme Erasmus m\u2019a donn\u00e9 l\u2019opportunit\u00e9 de retourner dans mon pays, explorer le dessous de la sc\u00e8ne.<\/p>\n<p>C\u2019est assez incroyable comment deux pays voisins, avec des nombreux points culturels assez proches, se retrouvent en termes \u00e9ducatifs aussi \u00e9loign\u00e9s. Connaisseuse de deux syst\u00e8mes je vous mets un p\u2019tit tableau r\u00e9capitulatif des diff\u00e9rences les plus significatives \u00e0 mon sens&nbsp;:<\/p>\n\n\n\n<table style=\"width: 100%;height: 1284px\">\n<tbody>\n<tr style=\"height: 49px\">\n<td style=\"height: 49px\" width=\"205\">\n<p><strong>\u00a0<\/strong><\/p>\n<\/td>\n<td style=\"height: 49px\" width=\"205\">\n<p><strong>France<\/strong><\/p>\n<\/td>\n<td style=\"height: 49px\" width=\"205\">\n<p><strong>Espagne<\/strong><\/p>\n<\/td>\n<\/tr>\n<tr style=\"height: 74px\">\n<td style=\"height: 74px\" width=\"205\">\n<p><strong>Gestion<\/strong><\/p>\n<\/td>\n<td style=\"height: 74px\" width=\"205\">\n<p>Nationale<\/p>\n<\/td>\n<td style=\"height: 74px\" width=\"205\">\n<p>Par communaut\u00e9s autonomes<\/p>\n<\/td>\n<\/tr>\n<tr style=\"height: 49px\">\n<td style=\"height: 49px\" width=\"205\">\n<p><strong>Age des \u00e9l\u00e8ves<\/strong><\/p>\n<\/td>\n<td style=\"height: 49px\" width=\"205\">\n<p>15 &#8211; 18 ans<\/p>\n<\/td>\n<td style=\"height: 49px\" width=\"205\">\n<p>12 \u2013 18 ans<\/p>\n<\/td>\n<\/tr>\n<tr style=\"height: 49px\">\n<td style=\"height: 49px\" width=\"205\">\n<p><strong>Horaires de cours<\/strong><\/p>\n<\/td>\n<td style=\"height: 49px\" width=\"205\">\n<p>7h30-17h30<\/p>\n<\/td>\n<td style=\"height: 49px\" width=\"205\">\n<p>8h30-14h30<\/p>\n<\/td>\n<\/tr>\n<tr style=\"height: 49px\">\n<td style=\"height: 49px\" width=\"205\">\n<p><strong>Vacances scolaires<\/strong><\/p>\n<\/td>\n<td style=\"height: 49px\" width=\"205\">\n<p>16 semaines\/an<\/p>\n<\/td>\n<td style=\"height: 49px\" width=\"205\">\n<p>12 semaines\/an<\/p>\n<\/td>\n<\/tr>\n<tr style=\"height: 49px\">\n<td style=\"height: 49px\" width=\"205\">\n<p><strong>Vie scolaire<\/strong><\/p>\n<\/td>\n<td style=\"height: 49px\" width=\"205\">\n<p>CPE + AED<\/p>\n<\/td>\n<td style=\"height: 49px\" width=\"205\">\n<p>N\u2019existe pas<\/p>\n<\/td>\n<\/tr>\n<tr style=\"height: 74px\">\n<td style=\"height: 74px\" width=\"205\">\n<p><strong>El\u00e8ve &#8211; Prof<\/strong><\/p>\n<\/td>\n<td style=\"height: 74px\" width=\"205\">\n<p>Vouvoiement du prof par son nom de famille<\/p>\n<\/td>\n<td style=\"height: 74px\" width=\"205\">\n<p>Tutoiement du prof par son pr\u00e9nom<\/p>\n<\/td>\n<\/tr>\n<tr style=\"height: 99px\">\n<td style=\"height: 99px\" width=\"205\">\n<p><strong>Heures prof devant \u00e9l\u00e8ve\/semaine<\/strong><\/p>\n<\/td>\n<td style=\"height: 99px\" width=\"205\">\n<p>18h si certifi\u00e9(e) et 15h si agr\u00e9g\u00e9(e)<\/p>\n<\/td>\n<td style=\"height: 99px\" width=\"205\">\n<p>20h (\u00e0 Madrid, car \u00e7a varie en fonction des endroits)<\/p>\n<\/td>\n<\/tr>\n<tr style=\"height: 99px\">\n<td style=\"height: 99px\" width=\"205\">\n<p><strong>Heures prof dans le lyc\u00e9e\/semaine<\/strong><\/p>\n<\/td>\n<td style=\"height: 99px\" width=\"205\">\n<p>18h ou moins car pond\u00e9rations et\/ou agr\u00e9gation<\/p>\n<\/td>\n<td style=\"height: 99px\" width=\"205\">\n<p>30h (\u00e0 Madrid, car \u00e7a varie en fonction des endroits)<\/p>\n<\/td>\n<\/tr>\n<tr style=\"height: 74px\">\n<td style=\"height: 74px\" width=\"205\">\n<p><strong>R\u00e9unions profs de la m\u00eame discipline <\/strong><\/p>\n<\/td>\n<td style=\"height: 74px\" width=\"205\">\n<p>Tr\u00e8s rarement<\/p>\n<\/td>\n<td style=\"height: 74px\" width=\"205\">\n<p>Hebdomadaire<\/p>\n<\/td>\n<\/tr>\n<tr style=\"height: 74px\">\n<td style=\"height: 74px\" width=\"205\">\n<p><strong>R\u00e9unions profs principaux du m\u00eame niveau<\/strong><\/p>\n<\/td>\n<td style=\"height: 74px\" width=\"205\">\n<p>Jamais<\/p>\n<\/td>\n<td style=\"height: 74px\" width=\"205\">\n<p>Hebdomadaire<\/p>\n<\/td>\n<\/tr>\n<tr style=\"height: 74px\">\n<td style=\"height: 74px\" width=\"205\">\n<p><strong>R\u00e9unions profs de la m\u00eame classe<\/strong><\/p>\n<\/td>\n<td style=\"height: 74px\" width=\"205\">\n<p>Jamais (au conseil de classe)<\/p>\n<\/td>\n<td style=\"height: 74px\" width=\"205\">\n<p>Hebdomadaire<\/p>\n<\/td>\n<\/tr>\n<tr style=\"height: 99px\">\n<td style=\"height: 99px\" width=\"205\">\n<p><strong>Remplacement coll\u00e8gues absent(e)s<\/strong><\/p>\n<\/td>\n<td style=\"height: 99px\" width=\"205\">\n<p>Si \u00ab\u00a0Pacte\u00a0\u00bb<\/p>\n<\/td>\n<td style=\"height: 99px\" width=\"205\">\n<p>Les coll\u00e8gues d\u2019astreinte (2h\/semaine)<\/p>\n<\/td>\n<\/tr>\n<tr style=\"height: 150px\">\n<td style=\"height: 150px\" width=\"205\">\n<p><strong>Salaire annuel prof en d\u00e9but de carri\u00e8re <\/strong><strong>(https:\/\/www.touteleurope.eu\/societe\/le-salaire-des-enseignants-en-europe\/)<\/strong><\/p>\n<\/td>\n<td style=\"height: 150px\" width=\"205\">\n<p>30 062 \u20ac<\/p>\n<p>(indexation hors m\u00e9tropole)<\/p>\n<\/td>\n<td style=\"height: 150px\" width=\"205\">\n<p>39 137 \u20ac<\/p>\n<\/td>\n<\/tr>\n<tr style=\"height: 74px\">\n<td style=\"height: 74px\" width=\"205\">\n<p><strong>Avancement<\/strong><\/p>\n<\/td>\n<td style=\"height: 74px\" width=\"205\">\n<p>RdV de carri\u00e8re en fonction de l\u2019\u00e9chelon<\/p>\n<\/td>\n<td style=\"height: 74px\" width=\"205\">\n<p>Selon l\u2019anciennet\u00e9<\/p>\n<\/td>\n<\/tr>\n<tr style=\"height: 74px\">\n<td style=\"height: 74px\" width=\"205\">\n<p><strong>Habitations<\/strong><\/p>\n<\/td>\n<td style=\"height: 74px\" width=\"205\">\n<p>Certains personnels habitent dans le lyc\u00e9e<\/p>\n<\/td>\n<td style=\"height: 74px\" width=\"205\">\n<p>Personne n\u2019habite au lyc\u00e9e<\/p>\n<\/td>\n<\/tr>\n<tr style=\"height: 74px\">\n<td style=\"height: 74px\" width=\"205\">\n<p><strong>Direction<\/strong><\/p>\n<\/td>\n<td style=\"height: 74px\" width=\"205\">\n<p>Le\/a proviseur(e) ne fait plus cours<\/p>\n<\/td>\n<td style=\"height: 74px\" width=\"205\">\n<p>Le\/a proviseur(e) fait cours<\/p>\n<\/td>\n<\/tr>\n<\/tbody>\n<\/table>\n\n\n\n<figure class=\"wp-block-image size-large\"><img decoding=\"async\" loading=\"lazy\" width=\"1024\" height=\"461\" src=\"https:\/\/portail.stpaul4.ac-reunion.fr\/wordpress\/erasmus\/files\/2025\/06\/IMG-20250512-WA0004-1024x461.jpg\" alt=\"\" class=\"wp-image-2669\" srcset=\"https:\/\/portail.stpaul4.ac-reunion.fr\/wordpress\/erasmus\/files\/2025\/06\/IMG-20250512-WA0004-1024x461.jpg 1024w, https:\/\/portail.stpaul4.ac-reunion.fr\/wordpress\/erasmus\/files\/2025\/06\/IMG-20250512-WA0004-300x135.jpg 300w, https:\/\/portail.stpaul4.ac-reunion.fr\/wordpress\/erasmus\/files\/2025\/06\/IMG-20250512-WA0004-768x346.jpg 768w, https:\/\/portail.stpaul4.ac-reunion.fr\/wordpress\/erasmus\/files\/2025\/06\/IMG-20250512-WA0004.jpg 1280w\" sizes=\"(max-width: 1024px) 100vw, 1024px\" \/><\/figure>\n","protected":false},"excerpt":{"rendered":"<p>Quand nous sommes \u00e9l\u00e8ves, nous ne nous rendons absolument pas compte de ce qui se cache derri\u00e8re les heures des cours o\u00f9 nous sommes avec nos professeurs. C\u2019est un peu comme quand nous allons au th\u00e9\u00e2tre, voir un spectacle qui dure une heure, et que nous n\u2019arrivons pas \u00e0 imaginer, mais alors, absolument pas une &hellip; <a href=\"https:\/\/portail.stpaul4.ac-reunion.fr\/wordpress\/erasmus\/2025\/06\/16\/jobshadowing-a-madrid-par-celia-lopez-herrera\/\" class=\"more-link\">Continuer la lecture de <span class=\"screen-reader-text\">JOBSHADOWING A MADRID par Celia Lopez &#8211; Herrera<\/span>  <span class=\"meta-nav\">&rarr;<\/span><\/a><\/p>\n","protected":false},"author":3197,"featured_media":0,"comment_status":"open","ping_status":"open","sticky":false,"template":"","format":"standard","meta":{"_links_to":"","_links_to_target":""},"categories":[68],"tags":[86,85],"_links":{"self":[{"href":"https:\/\/portail.stpaul4.ac-reunion.fr\/wordpress\/erasmus\/wp-json\/wp\/v2\/posts\/2667"}],"collection":[{"href":"https:\/\/portail.stpaul4.ac-reunion.fr\/wordpress\/erasmus\/wp-json\/wp\/v2\/posts"}],"about":[{"href":"https:\/\/portail.stpaul4.ac-reunion.fr\/wordpress\/erasmus\/wp-json\/wp\/v2\/types\/post"}],"author":[{"embeddable":true,"href":"https:\/\/portail.stpaul4.ac-reunion.fr\/wordpress\/erasmus\/wp-json\/wp\/v2\/users\/3197"}],"replies":[{"embeddable":true,"href":"https:\/\/portail.stpaul4.ac-reunion.fr\/wordpress\/erasmus\/wp-json\/wp\/v2\/comments?post=2667"}],"version-history":[{"count":4,"href":"https:\/\/portail.stpaul4.ac-reunion.fr\/wordpress\/erasmus\/wp-json\/wp\/v2\/posts\/2667\/revisions"}],"predecessor-version":[{"id":5245,"href":"https:\/\/portail.stpaul4.ac-reunion.fr\/wordpress\/erasmus\/wp-json\/wp\/v2\/posts\/2667\/revisions\/5245"}],"wp:attachment":[{"href":"https:\/\/portail.stpaul4.ac-reunion.fr\/wordpress\/erasmus\/wp-json\/wp\/v2\/media?parent=2667"}],"wp:term":[{"taxonomy":"category","embeddable":true,"href":"https:\/\/portail.stpaul4.ac-reunion.fr\/wordpress\/erasmus\/wp-json\/wp\/v2\/categories?post=2667"},{"taxonomy":"post_tag","embeddable":true,"href":"https:\/\/portail.stpaul4.ac-reunion.fr\/wordpress\/erasmus\/wp-json\/wp\/v2\/tags?post=2667"}],"curies":[{"name":"wp","href":"https:\/\/api.w.org\/{rel}","templated":true}]}}