{"id":5162,"date":"2025-08-28T08:13:36","date_gmt":"2025-08-28T06:13:36","guid":{"rendered":"https:\/\/portail.stpaul4.ac-reunion.fr\/wordpress\/erasmus\/?p=5162"},"modified":"2026-01-07T08:02:48","modified_gmt":"2026-01-07T07:02:48","slug":"professional-development-through-erasmus","status":"publish","type":"post","link":"https:\/\/portail.stpaul4.ac-reunion.fr\/wordpress\/erasmus\/2025\/08\/28\/professional-development-through-erasmus\/","title":{"rendered":"<strong>PROFESSIONAL DEVELOPMENT THROUGH ERASMUS + :<\/strong>"},"content":{"rendered":"\n<p><strong>A TEACHING JOURNEY IN DUBLIN (3 weeks in July &#8211; August 2025)<\/strong><\/p>\n\n\n\n<p><em>Vincent Hosotte, Philosophy teacher, Lyc\u00e9e Paul Verg\u00e8s (Saint Paul, R\u00e9union)<\/em><\/p>\n\n\n<div class=\"wp-block-image\">\n<figure class=\"aligncenter size-large is-resized\"><img decoding=\"async\" loading=\"lazy\" src=\"https:\/\/portail.stpaul4.ac-reunion.fr\/wordpress\/erasmus\/files\/2025\/08\/PHOTO-1-1024x815.jpg\" alt=\"\" class=\"wp-image-5165\" width=\"562\" height=\"446\" srcset=\"https:\/\/portail.stpaul4.ac-reunion.fr\/wordpress\/erasmus\/files\/2025\/08\/PHOTO-1-1024x815.jpg 1024w, https:\/\/portail.stpaul4.ac-reunion.fr\/wordpress\/erasmus\/files\/2025\/08\/PHOTO-1-300x239.jpg 300w, https:\/\/portail.stpaul4.ac-reunion.fr\/wordpress\/erasmus\/files\/2025\/08\/PHOTO-1-768x611.jpg 768w, https:\/\/portail.stpaul4.ac-reunion.fr\/wordpress\/erasmus\/files\/2025\/08\/PHOTO-1-1536x1222.jpg 1536w, https:\/\/portail.stpaul4.ac-reunion.fr\/wordpress\/erasmus\/files\/2025\/08\/PHOTO-1-2048x1629.jpg 2048w\" sizes=\"(max-width: 562px) 100vw, 562px\" \/><figcaption class=\"wp-element-caption\"><em>Trinity College, Dublin<\/em><\/figcaption><\/figure><\/div>\n\n\n<p>As a teacher embarking on my first Erasmus + experience at Atlas Language School in Dublin, I approached this professional development opportunity with a blend of excitement and uncertainty. Eventually, this three-week intensive programme proved to be effective in terms of linguistic skills. I am also quite certain that it was transformative for both my teaching practice and cultural understanding.<\/p>\n\n\n\n<p><strong>Exploring CLIL Pedagogy<\/strong><\/p>\n\n\n\n<p>Along with other European teachers (from Italy, France, Hungary, Spain), I attended a course dedicated to Content and Language Integrated Learning (CLIL). It gave us a clear awareness of the delicate balance between subject content and language acquisition. Our training focused on crafting effective lesson plans with carefully constructed scaffolding techniques to support student learning. We explored various assessment methods whilst emphasizing the paramount importance of creating a supportive learning environment. The course highlighted how a benevolent approach to teaching facilitates optimal conditions for learning, allowing students to take risks and develop their language skills alongside subject knowledge.<\/p>\n\n\n\n<p><strong>Language Enhancement<\/strong><\/p>\n\n\n\n<p>The language improvement sessions were meticulously structured to enhance our linguistic skills : speaking, listening, reading, writing. Through engaging, activity-based instruction, we strengthened our command of English grammar and expanded our vocabulary. During this part of my experience, I was among young students (20-25 years old). Without denying the quality of this course, I would say it was more like a traditional interactive course. As a language course (C1), it was understandably less professionally oriented than the CLIL course. Nevertheless, this language session exemplified professional teaching methodologies, concretely showing how interactive approaches can be effectively implemented in my own teaching practice.<\/p>\n\n\n\n<p><strong>Cultural Immersion<\/strong><\/p>\n\n\n\n<p>The afternoon cultural programme provided very interesting insights into Irish heritage. We explored prestigious institutions including Trinity College, the Museum of Irish Literature, and the EPIC Museum, which chronicles Ireland&rsquo;s emigration history and global cultural influence. A particularly innovative activity was the &lsquo;walk and talk&rsquo; tour, where each participant became a guide for specific Dublin landmarks. This experiential learning approach demonstrated an excellent teaching technique that could be readily adapted for our own students.<\/p>\n\n\n<div class=\"wp-block-image\">\n<figure class=\"aligncenter size-large is-resized\"><img decoding=\"async\" loading=\"lazy\" src=\"https:\/\/portail.stpaul4.ac-reunion.fr\/wordpress\/erasmus\/files\/2025\/08\/PHOTO-2-758x1024.jpg\" alt=\"\" class=\"wp-image-5164\" width=\"367\" height=\"496\" srcset=\"https:\/\/portail.stpaul4.ac-reunion.fr\/wordpress\/erasmus\/files\/2025\/08\/PHOTO-2-758x1024.jpg 758w, https:\/\/portail.stpaul4.ac-reunion.fr\/wordpress\/erasmus\/files\/2025\/08\/PHOTO-2-222x300.jpg 222w, https:\/\/portail.stpaul4.ac-reunion.fr\/wordpress\/erasmus\/files\/2025\/08\/PHOTO-2-768x1038.jpg 768w, https:\/\/portail.stpaul4.ac-reunion.fr\/wordpress\/erasmus\/files\/2025\/08\/PHOTO-2-1137x1536.jpg 1137w, https:\/\/portail.stpaul4.ac-reunion.fr\/wordpress\/erasmus\/files\/2025\/08\/PHOTO-2-1516x2048.jpg 1516w, https:\/\/portail.stpaul4.ac-reunion.fr\/wordpress\/erasmus\/files\/2025\/08\/PHOTO-2-scaled.jpg 1895w\" sizes=\"(max-width: 367px) 100vw, 367px\" \/><figcaption class=\"wp-element-caption\"><em>Walk and Talk experience<\/em><\/figcaption><\/figure><\/div>\n\n\n<p><strong>European Educational Exchange<\/strong><\/p>\n\n\n\n<p>Perhaps most enriching was the opportunity to collaborate with fellow European educators. Through our interactions, we gained substantial knowledge about diverse educational systems and teaching traditions across Europe. A notable discovery was learning about Italy&rsquo;s mandatory CLIL implementation in upper secondary education, explaining the significant Italian representation in our course. These connections have opened possibilities for future job shadowing and school twinning initiatives. Besides, teaching in an environment such as La R\u00e9union aroused great interest among my European colleagues\u2026<\/p>\n\n\n\n<p>This Erasmus + experience has proven invaluable, enhancing both my professional expertise and intercultural competence. The programme has equipped me with new methodological approaches, strengthened my language skills, and established meaningful professional connections across Europe. Indeed, the friendship bond is an important factor to stimulate European educational projects. The combination of structured learning, cultural immersion, and professional networking has provided me a comprehensive framework for a renewed educational practice. Last but not least, through professional and informal conversation with colleagues from all over Europe, I think my European sense of belonging has really got stronger.<\/p>\n\n\n<div class=\"wp-block-image\">\n<figure class=\"aligncenter size-large is-resized\"><img decoding=\"async\" loading=\"lazy\" src=\"https:\/\/portail.stpaul4.ac-reunion.fr\/wordpress\/erasmus\/files\/2025\/08\/PHOTO-3-1024x768.jpg\" alt=\"\" class=\"wp-image-5163\" width=\"557\" height=\"418\" srcset=\"https:\/\/portail.stpaul4.ac-reunion.fr\/wordpress\/erasmus\/files\/2025\/08\/PHOTO-3-1024x768.jpg 1024w, https:\/\/portail.stpaul4.ac-reunion.fr\/wordpress\/erasmus\/files\/2025\/08\/PHOTO-3-300x225.jpg 300w, https:\/\/portail.stpaul4.ac-reunion.fr\/wordpress\/erasmus\/files\/2025\/08\/PHOTO-3-768x576.jpg 768w, https:\/\/portail.stpaul4.ac-reunion.fr\/wordpress\/erasmus\/files\/2025\/08\/PHOTO-3-1536x1152.jpg 1536w, https:\/\/portail.stpaul4.ac-reunion.fr\/wordpress\/erasmus\/files\/2025\/08\/PHOTO-3.jpg 1869w\" sizes=\"(max-width: 557px) 100vw, 557px\" \/><figcaption class=\"wp-element-caption\"><em>Graduation (Unlike most of my colleagues, I stayed 2 more weeks. I finally got my diploma 2 weeks later\u2026)<\/em><\/figcaption><\/figure><\/div>","protected":false},"excerpt":{"rendered":"<p>A TEACHING JOURNEY IN DUBLIN (3 weeks in July &#8211; August 2025) Vincent Hosotte, Philosophy teacher, Lyc\u00e9e Paul Verg\u00e8s (Saint Paul, R\u00e9union) As a teacher embarking on my first Erasmus + experience at Atlas Language School in Dublin, I approached this professional development opportunity with a blend of excitement and uncertainty. Eventually, this three-week intensive &hellip; <a href=\"https:\/\/portail.stpaul4.ac-reunion.fr\/wordpress\/erasmus\/2025\/08\/28\/professional-development-through-erasmus\/\" class=\"more-link\">Continuer la lecture de <span class=\"screen-reader-text\"><strong>PROFESSIONAL DEVELOPMENT THROUGH ERASMUS + :<\/strong><\/span>  <span class=\"meta-nav\">&rarr;<\/span><\/a><\/p>\n","protected":false},"author":3197,"featured_media":0,"comment_status":"open","ping_status":"open","sticky":false,"template":"","format":"standard","meta":{"_links_to":"","_links_to_target":""},"categories":[68],"tags":[110,109,81],"_links":{"self":[{"href":"https:\/\/portail.stpaul4.ac-reunion.fr\/wordpress\/erasmus\/wp-json\/wp\/v2\/posts\/5162"}],"collection":[{"href":"https:\/\/portail.stpaul4.ac-reunion.fr\/wordpress\/erasmus\/wp-json\/wp\/v2\/posts"}],"about":[{"href":"https:\/\/portail.stpaul4.ac-reunion.fr\/wordpress\/erasmus\/wp-json\/wp\/v2\/types\/post"}],"author":[{"embeddable":true,"href":"https:\/\/portail.stpaul4.ac-reunion.fr\/wordpress\/erasmus\/wp-json\/wp\/v2\/users\/3197"}],"replies":[{"embeddable":true,"href":"https:\/\/portail.stpaul4.ac-reunion.fr\/wordpress\/erasmus\/wp-json\/wp\/v2\/comments?post=5162"}],"version-history":[{"count":1,"href":"https:\/\/portail.stpaul4.ac-reunion.fr\/wordpress\/erasmus\/wp-json\/wp\/v2\/posts\/5162\/revisions"}],"predecessor-version":[{"id":5166,"href":"https:\/\/portail.stpaul4.ac-reunion.fr\/wordpress\/erasmus\/wp-json\/wp\/v2\/posts\/5162\/revisions\/5166"}],"wp:attachment":[{"href":"https:\/\/portail.stpaul4.ac-reunion.fr\/wordpress\/erasmus\/wp-json\/wp\/v2\/media?parent=5162"}],"wp:term":[{"taxonomy":"category","embeddable":true,"href":"https:\/\/portail.stpaul4.ac-reunion.fr\/wordpress\/erasmus\/wp-json\/wp\/v2\/categories?post=5162"},{"taxonomy":"post_tag","embeddable":true,"href":"https:\/\/portail.stpaul4.ac-reunion.fr\/wordpress\/erasmus\/wp-json\/wp\/v2\/tags?post=5162"}],"curies":[{"name":"wp","href":"https:\/\/api.w.org\/{rel}","templated":true}]}}