{"id":5209,"date":"2025-12-19T07:18:31","date_gmt":"2025-12-19T06:18:31","guid":{"rendered":"https:\/\/portail.stpaul4.ac-reunion.fr\/wordpress\/erasmus\/?p=5209"},"modified":"2025-12-19T07:21:18","modified_gmt":"2025-12-19T06:21:18","slug":"echange-erasmus-avec-un-lycee-napolitain","status":"publish","type":"post","link":"https:\/\/portail.stpaul4.ac-reunion.fr\/wordpress\/erasmus\/2025\/12\/19\/echange-erasmus-avec-un-lycee-napolitain\/","title":{"rendered":"Echange Erasmus avec un lyc\u00e9e napolitain\u00a0"},"content":{"rendered":"\n<h2 class=\"has-text-align-left\"><strong><em>Projet \u00ab&nbsp;D\u2019un volcan \u00e0 l\u2019autre&nbsp;\u00bb<\/em><\/strong>, <strong><em>les \u00e9l\u00e8ves des options latin et cin\u00e9ma<\/em><\/strong>, <strong><em>9-15 octobre 2024<\/em><\/strong><\/h2>\n\n\n\n<p>Les \u00e9l\u00e8ves de premi\u00e8re option latin et cin\u00e9ma-audiovisuel sont partis rencontrer leurs camarades&nbsp; du lyc\u00e9e Suor Orsola Benincasa \u00e0 Naples.<\/p>\n\n\n\n<figure class=\"wp-block-video\"><video controls src=\"https:\/\/portail.stpaul4.ac-reunion.fr\/wordpress\/erasmus\/files\/2025\/12\/Presentation-du-voyage-LOUISE-Nelcia.mp4\"><\/video><figcaption class=\"wp-element-caption\">Pr\u00e9sentation du voyage, LOUISE Nelcia<\/figcaption><\/figure>\n\n\n\n<p>Ainsi ils ont assist\u00e9 \u00e0 des cours d\u2019art plastique et de vid\u00e9o. Ensemble ils ont pu s\u2019essayer \u00e0 l\u2019art du portrait. Les \u00e9l\u00e8ves du lyc\u00e9e leur ont fait d\u00e9couvrir leur \u00e9tablissement, dot\u00e9 d\u2019une longue et riche histoire.<\/p>\n\n\n\n<p>Les \u00e9l\u00e8ves italiens les ont ensuite guid\u00e9s dans le quartier historique de Naples et leur ont fait d\u00e9couvrir les principaux monuments et places de la ville.<\/p>\n\n\n\n<p>Les \u00e9l\u00e8ves r\u00e9unionnais ont pr\u00e9sent\u00e9 leur \u00e9tablissement&nbsp;; les \u00e9l\u00e8ves d\u2019option cin\u00e9ma ont r\u00e9alis\u00e9 une capsule de pr\u00e9sentation pour ce faire et tous ont r\u00e9alis\u00e9 en anglais des diaporamas de pr\u00e9sentation de l\u2019ile qu\u2019ils ont comment\u00e9s \u00e0 leurs camarades italiens.<\/p>\n\n\n\n<p>Une journ\u00e9e a \u00e9t\u00e9 consacr\u00e9e \u00e0 la d\u00e9couverte du V\u00e9suve, les \u00e9l\u00e8ves napolitains et r\u00e9unionnais ont gravi une partie du volcan et pu d\u00e9couvrir les crat\u00e8res.<\/p>\n\n\n\n<p>Ils ont ensuite randonn\u00e9 ensemble accompagn\u00e9s d\u2019une guide locale qui leur a expliqu\u00e9 les diff\u00e9rents min\u00e9raux pr\u00e9sents ainsi que l\u2019histoire des \u00e9ruptions de ce volcan toujours en activit\u00e9.<\/p>\n\n\n\n<p>Vivement que les \u00e9l\u00e8ves napolitains puissent venir d\u00e9couvrir le volcan r\u00e9unionnais&nbsp;!<\/p>\n\n\n\n<div class=\"wp-block-file\"><object class=\"wp-block-file__embed\" data=\"https:\/\/portail.stpaul4.ac-reunion.fr\/wordpress\/erasmus\/files\/2025\/12\/CINECITTA.pdf\" type=\"application\/pdf\" style=\"width:100%;height:600px\" aria-label=\"Contenu embarqu\u00e9 CINECITTA.\"><\/object><a id=\"wp-block-file--media-8e869463-5ab9-4fee-845f-560f55877164\" href=\"https:\/\/portail.stpaul4.ac-reunion.fr\/wordpress\/erasmus\/files\/2025\/12\/CINECITTA.pdf\">CINECITTA<\/a><a href=\"https:\/\/portail.stpaul4.ac-reunion.fr\/wordpress\/erasmus\/files\/2025\/12\/CINECITTA.pdf\" class=\"wp-block-file__button wp-element-button\" download aria-describedby=\"wp-block-file--media-8e869463-5ab9-4fee-845f-560f55877164\">T\u00e9l\u00e9charger<\/a><\/div>\n","protected":false},"excerpt":{"rendered":"<p>Projet \u00ab&nbsp;D\u2019un volcan \u00e0 l\u2019autre&nbsp;\u00bb, les \u00e9l\u00e8ves des options latin et cin\u00e9ma, 9-15 octobre 2024 Les \u00e9l\u00e8ves de premi\u00e8re option latin et cin\u00e9ma-audiovisuel sont partis rencontrer leurs camarades&nbsp; du lyc\u00e9e Suor Orsola Benincasa \u00e0 Naples. Ainsi ils ont assist\u00e9 \u00e0 des cours d\u2019art plastique et de vid\u00e9o. Ensemble ils ont pu s\u2019essayer \u00e0 l\u2019art du &hellip; <a href=\"https:\/\/portail.stpaul4.ac-reunion.fr\/wordpress\/erasmus\/2025\/12\/19\/echange-erasmus-avec-un-lycee-napolitain\/\" class=\"more-link\">Continuer la lecture de <span class=\"screen-reader-text\">Echange Erasmus avec un lyc\u00e9e napolitain\u00a0<\/span>  <span class=\"meta-nav\">&rarr;<\/span><\/a><\/p>\n","protected":false},"author":7865,"featured_media":0,"comment_status":"open","ping_status":"open","sticky":false,"template":"","format":"standard","meta":{"_links_to":"","_links_to_target":""},"categories":[67],"tags":[15,114],"_links":{"self":[{"href":"https:\/\/portail.stpaul4.ac-reunion.fr\/wordpress\/erasmus\/wp-json\/wp\/v2\/posts\/5209"}],"collection":[{"href":"https:\/\/portail.stpaul4.ac-reunion.fr\/wordpress\/erasmus\/wp-json\/wp\/v2\/posts"}],"about":[{"href":"https:\/\/portail.stpaul4.ac-reunion.fr\/wordpress\/erasmus\/wp-json\/wp\/v2\/types\/post"}],"author":[{"embeddable":true,"href":"https:\/\/portail.stpaul4.ac-reunion.fr\/wordpress\/erasmus\/wp-json\/wp\/v2\/users\/7865"}],"replies":[{"embeddable":true,"href":"https:\/\/portail.stpaul4.ac-reunion.fr\/wordpress\/erasmus\/wp-json\/wp\/v2\/comments?post=5209"}],"version-history":[{"count":5,"href":"https:\/\/portail.stpaul4.ac-reunion.fr\/wordpress\/erasmus\/wp-json\/wp\/v2\/posts\/5209\/revisions"}],"predecessor-version":[{"id":5242,"href":"https:\/\/portail.stpaul4.ac-reunion.fr\/wordpress\/erasmus\/wp-json\/wp\/v2\/posts\/5209\/revisions\/5242"}],"wp:attachment":[{"href":"https:\/\/portail.stpaul4.ac-reunion.fr\/wordpress\/erasmus\/wp-json\/wp\/v2\/media?parent=5209"}],"wp:term":[{"taxonomy":"category","embeddable":true,"href":"https:\/\/portail.stpaul4.ac-reunion.fr\/wordpress\/erasmus\/wp-json\/wp\/v2\/categories?post=5209"},{"taxonomy":"post_tag","embeddable":true,"href":"https:\/\/portail.stpaul4.ac-reunion.fr\/wordpress\/erasmus\/wp-json\/wp\/v2\/tags?post=5209"}],"curies":[{"name":"wp","href":"https:\/\/api.w.org\/{rel}","templated":true}]}}