{"id":5234,"date":"2026-01-07T07:18:51","date_gmt":"2026-01-07T06:18:51","guid":{"rendered":"https:\/\/portail.stpaul4.ac-reunion.fr\/wordpress\/erasmus\/?p=5234"},"modified":"2026-01-07T07:18:52","modified_gmt":"2026-01-07T06:18:52","slug":"stage-en-laboratoire-de-controle-en-belgique-mai-juillet-2025","status":"publish","type":"post","link":"https:\/\/portail.stpaul4.ac-reunion.fr\/wordpress\/erasmus\/2026\/01\/07\/stage-en-laboratoire-de-controle-en-belgique-mai-juillet-2025\/","title":{"rendered":"Stage en laboratoire de controle en Belgique Mai-Juillet 2025"},"content":{"rendered":"\n<p>Bonjour, je m\u2019appelle Messe Marie \u00c9milie et aujourd\u2019hui, j\u2019ai l\u2019honneur de partager avec vous une exp\u00e9rience qui a profond\u00e9ment marqu\u00e9 mon parcours. Gr\u00e2ce \u00e0 la plateforme Erasmus, j\u2019ai eu la chance incroyable d\u2019effectuer un stage en Belgique \ud83c\udde7\ud83c\uddea, au sein du laboratoire de contr\u00f4le alimentaire, plus pr\u00e9cis\u00e9ment \u00e0 l\u2019AFSCA de Gembloux, dans la section microbiologie. Cette opportunit\u00e9 unique m\u2019a permis de grandir professionnellement et personnellement, ouvrant des horizons nouveaux et passionnants.<\/p>\n\n\n\n<p>La Belgique a \u00e9t\u00e9 mon tout premier voyage \u2708\ufe0f en solo. Au d\u00e9but, j\u2019avais beaucoup d\u2019appr\u00e9hension, loin de mes parents, mais je ne regrette absolument rien. J\u2019ai eu la chance de d\u00e9couvrir une culture nouvelle, des saveurs in\u00e9dites, des personnes extraordinaires comme mon directeur Mr Franck Defeijt, mon ma\u00eetre de stage Mme Marie-Christine, les autres techniciens. \u00c0 vous, futurs \u00e9tudiants de BTS, je vous encourage vivement \u00e0 vous lancer dans cette aventure unique qui peut transformer votre vie.<\/p>\n\n\n\n<p>Marie-Emilie Messe<\/p>\n\n\n\n<figure class=\"is-layout-flex wp-block-gallery-1 wp-block-gallery has-nested-images columns-default is-cropped\">\n<figure class=\"wp-block-image size-large is-style-default\"><img decoding=\"async\" loading=\"lazy\" width=\"310\" height=\"554\" data-id=\"5236\"  src=\"https:\/\/portail.stpaul4.ac-reunion.fr\/wordpress\/erasmus\/files\/2026\/01\/Capture-decran-2026-01-07-a-10.14.54.png\" alt=\"\" class=\"wp-image-5236\" srcset=\"https:\/\/portail.stpaul4.ac-reunion.fr\/wordpress\/erasmus\/files\/2026\/01\/Capture-decran-2026-01-07-a-10.14.54.png 310w, https:\/\/portail.stpaul4.ac-reunion.fr\/wordpress\/erasmus\/files\/2026\/01\/Capture-decran-2026-01-07-a-10.14.54-168x300.png 168w\" sizes=\"(max-width: 310px) 100vw, 310px\" \/><\/figure>\n\n\n\n<figure class=\"wp-block-image size-large is-style-default\"><img decoding=\"async\" loading=\"lazy\" width=\"1024\" height=\"401\" data-id=\"5235\"  src=\"https:\/\/portail.stpaul4.ac-reunion.fr\/wordpress\/erasmus\/files\/2026\/01\/Capture-decran-2026-01-07-a-10.14.44-1024x401.png\" alt=\"\" class=\"wp-image-5235\" srcset=\"https:\/\/portail.stpaul4.ac-reunion.fr\/wordpress\/erasmus\/files\/2026\/01\/Capture-decran-2026-01-07-a-10.14.44-1024x401.png 1024w, https:\/\/portail.stpaul4.ac-reunion.fr\/wordpress\/erasmus\/files\/2026\/01\/Capture-decran-2026-01-07-a-10.14.44-300x117.png 300w, https:\/\/portail.stpaul4.ac-reunion.fr\/wordpress\/erasmus\/files\/2026\/01\/Capture-decran-2026-01-07-a-10.14.44-768x301.png 768w, https:\/\/portail.stpaul4.ac-reunion.fr\/wordpress\/erasmus\/files\/2026\/01\/Capture-decran-2026-01-07-a-10.14.44.png 1456w\" sizes=\"(max-width: 1024px) 100vw, 1024px\" \/><\/figure>\n<\/figure>\n","protected":false},"excerpt":{"rendered":"<p>Bonjour, je m\u2019appelle Messe Marie \u00c9milie et aujourd\u2019hui, j\u2019ai l\u2019honneur de partager avec vous une exp\u00e9rience qui a profond\u00e9ment marqu\u00e9 mon parcours. Gr\u00e2ce \u00e0 la plateforme Erasmus, j\u2019ai eu la chance incroyable d\u2019effectuer un stage en Belgique \ud83c\udde7\ud83c\uddea, au sein du laboratoire de contr\u00f4le alimentaire, plus pr\u00e9cis\u00e9ment \u00e0 l\u2019AFSCA de Gembloux, dans la section microbiologie. &hellip; <a href=\"https:\/\/portail.stpaul4.ac-reunion.fr\/wordpress\/erasmus\/2026\/01\/07\/stage-en-laboratoire-de-controle-en-belgique-mai-juillet-2025\/\" class=\"more-link\">Continuer la lecture de <span class=\"screen-reader-text\">Stage en laboratoire de controle en Belgique Mai-Juillet 2025<\/span>  <span class=\"meta-nav\">&rarr;<\/span><\/a><\/p>\n","protected":false},"author":42,"featured_media":5235,"comment_status":"open","ping_status":"open","sticky":false,"template":"","format":"standard","meta":{"_links_to":"","_links_to_target":""},"categories":[51],"tags":[],"_links":{"self":[{"href":"https:\/\/portail.stpaul4.ac-reunion.fr\/wordpress\/erasmus\/wp-json\/wp\/v2\/posts\/5234"}],"collection":[{"href":"https:\/\/portail.stpaul4.ac-reunion.fr\/wordpress\/erasmus\/wp-json\/wp\/v2\/posts"}],"about":[{"href":"https:\/\/portail.stpaul4.ac-reunion.fr\/wordpress\/erasmus\/wp-json\/wp\/v2\/types\/post"}],"author":[{"embeddable":true,"href":"https:\/\/portail.stpaul4.ac-reunion.fr\/wordpress\/erasmus\/wp-json\/wp\/v2\/users\/42"}],"replies":[{"embeddable":true,"href":"https:\/\/portail.stpaul4.ac-reunion.fr\/wordpress\/erasmus\/wp-json\/wp\/v2\/comments?post=5234"}],"version-history":[{"count":1,"href":"https:\/\/portail.stpaul4.ac-reunion.fr\/wordpress\/erasmus\/wp-json\/wp\/v2\/posts\/5234\/revisions"}],"predecessor-version":[{"id":5237,"href":"https:\/\/portail.stpaul4.ac-reunion.fr\/wordpress\/erasmus\/wp-json\/wp\/v2\/posts\/5234\/revisions\/5237"}],"wp:featuredmedia":[{"embeddable":true,"href":"https:\/\/portail.stpaul4.ac-reunion.fr\/wordpress\/erasmus\/wp-json\/wp\/v2\/media\/5235"}],"wp:attachment":[{"href":"https:\/\/portail.stpaul4.ac-reunion.fr\/wordpress\/erasmus\/wp-json\/wp\/v2\/media?parent=5234"}],"wp:term":[{"taxonomy":"category","embeddable":true,"href":"https:\/\/portail.stpaul4.ac-reunion.fr\/wordpress\/erasmus\/wp-json\/wp\/v2\/categories?post=5234"},{"taxonomy":"post_tag","embeddable":true,"href":"https:\/\/portail.stpaul4.ac-reunion.fr\/wordpress\/erasmus\/wp-json\/wp\/v2\/tags?post=5234"}],"curies":[{"name":"wp","href":"https:\/\/api.w.org\/{rel}","templated":true}]}}