{"id":5271,"date":"2026-03-25T16:51:41","date_gmt":"2026-03-25T15:51:41","guid":{"rendered":"https:\/\/portail.stpaul4.ac-reunion.fr\/wordpress\/erasmus\/?p=5271"},"modified":"2026-03-25T17:06:21","modified_gmt":"2026-03-25T16:06:21","slug":"notre-politique-dinclusion","status":"publish","type":"post","link":"https:\/\/portail.stpaul4.ac-reunion.fr\/wordpress\/erasmus\/2026\/03\/25\/notre-politique-dinclusion\/","title":{"rendered":"Crit\u00e8res de notre politique d&rsquo;inclusion"},"content":{"rendered":"\n<p>A la R\u00e9union, pour les stages des \u00e9tudiants  hors Europe, le programme <strong>Erasmus+<\/strong> pr\u00e9voit un compl\u00e9ment financier pour l\u2019inclusion afin de permettre \u00e0 tous les participants, notamment ceux ayant moins d\u2019opportunit\u00e9s, de b\u00e9n\u00e9ficier d\u2019une mobilit\u00e9 \u00e0 l\u2019\u00e9tranger. Ce compl\u00e9ment est attribu\u00e9 selon plusieurs crit\u00e8res.<\/p>\n\n\n\n<p>Tout d\u2019abord, il concerne les personnes en situation \u00e9conomique fragile, comme les \u00e9tudiants boursiers sur crit\u00e8res sociaux \u00e9lev\u00e9s ou issus de milieux modestes. Ensuite, il s\u2019adresse aux personnes en situation de handicap ou ayant des probl\u00e8mes de sant\u00e9, car leur mobilit\u00e9 peut engendrer des co\u00fbts suppl\u00e9mentaires.<\/p>\n\n\n\n<p>Par ailleurs, les \u00e9tudiants vivant dans des zones g\u00e9ographiques d\u00e9favoris\u00e9es, comme les zones rurales isol\u00e9es ou les quartiers prioritaires, peuvent \u00e9galement y pr\u00e9tendre. De m\u00eame, les personnes ayant un parcours particulier, comme les jeunes en insertion, les demandeurs d\u2019emploi ou ceux en reprise d\u2019\u00e9tudes, sont consid\u00e9r\u00e9es comme ayant moins d\u2019opportunit\u00e9s.<\/p>\n\n\n\n<p>Ce compl\u00e9ment financier permet de couvrir des d\u00e9penses suppl\u00e9mentaires li\u00e9es \u00e0 ces situations, comme les frais de transport, d\u2019accompagnement ou de sant\u00e9. L\u2019objectif est de garantir l\u2019\u00e9galit\u00e9 des chances et de rendre la mobilit\u00e9 internationale accessible \u00e0 tous.<\/p>\n\n\n\n<p>Ainsi, gr\u00e2ce \u00e0 ce dispositif, Erasmus+ favorise une plus grande inclusion et permet \u00e0 chacun de vivre une exp\u00e9rience europ\u00e9enne enrichissante.<\/p>\n","protected":false},"excerpt":{"rendered":"<p>A la R\u00e9union, pour les stages des \u00e9tudiants hors Europe, le programme Erasmus+ pr\u00e9voit un compl\u00e9ment financier pour l\u2019inclusion afin de permettre \u00e0 tous les participants, notamment ceux ayant moins d\u2019opportunit\u00e9s, de b\u00e9n\u00e9ficier d\u2019une mobilit\u00e9 \u00e0 l\u2019\u00e9tranger. Ce compl\u00e9ment est attribu\u00e9 selon plusieurs crit\u00e8res. Tout d\u2019abord, il concerne les personnes en situation \u00e9conomique fragile, comme &hellip; <a href=\"https:\/\/portail.stpaul4.ac-reunion.fr\/wordpress\/erasmus\/2026\/03\/25\/notre-politique-dinclusion\/\" class=\"more-link\">Continuer la lecture de <span class=\"screen-reader-text\">Crit\u00e8res de notre politique d&rsquo;inclusion<\/span>  <span class=\"meta-nav\">&rarr;<\/span><\/a><\/p>\n","protected":false},"author":42,"featured_media":0,"comment_status":"open","ping_status":"open","sticky":false,"template":"","format":"standard","meta":{"_links_to":"","_links_to_target":""},"categories":[116],"tags":[],"_links":{"self":[{"href":"https:\/\/portail.stpaul4.ac-reunion.fr\/wordpress\/erasmus\/wp-json\/wp\/v2\/posts\/5271"}],"collection":[{"href":"https:\/\/portail.stpaul4.ac-reunion.fr\/wordpress\/erasmus\/wp-json\/wp\/v2\/posts"}],"about":[{"href":"https:\/\/portail.stpaul4.ac-reunion.fr\/wordpress\/erasmus\/wp-json\/wp\/v2\/types\/post"}],"author":[{"embeddable":true,"href":"https:\/\/portail.stpaul4.ac-reunion.fr\/wordpress\/erasmus\/wp-json\/wp\/v2\/users\/42"}],"replies":[{"embeddable":true,"href":"https:\/\/portail.stpaul4.ac-reunion.fr\/wordpress\/erasmus\/wp-json\/wp\/v2\/comments?post=5271"}],"version-history":[{"count":2,"href":"https:\/\/portail.stpaul4.ac-reunion.fr\/wordpress\/erasmus\/wp-json\/wp\/v2\/posts\/5271\/revisions"}],"predecessor-version":[{"id":5275,"href":"https:\/\/portail.stpaul4.ac-reunion.fr\/wordpress\/erasmus\/wp-json\/wp\/v2\/posts\/5271\/revisions\/5275"}],"wp:attachment":[{"href":"https:\/\/portail.stpaul4.ac-reunion.fr\/wordpress\/erasmus\/wp-json\/wp\/v2\/media?parent=5271"}],"wp:term":[{"taxonomy":"category","embeddable":true,"href":"https:\/\/portail.stpaul4.ac-reunion.fr\/wordpress\/erasmus\/wp-json\/wp\/v2\/categories?post=5271"},{"taxonomy":"post_tag","embeddable":true,"href":"https:\/\/portail.stpaul4.ac-reunion.fr\/wordpress\/erasmus\/wp-json\/wp\/v2\/tags?post=5271"}],"curies":[{"name":"wp","href":"https:\/\/api.w.org\/{rel}","templated":true}]}}